{"id":410,"date":"2020-02-25T12:27:29","date_gmt":"2020-02-25T11:27:29","guid":{"rendered":"https:\/\/wb.autonome-frauenhaeuser-zif.de\/?p=410"},"modified":"2020-09-09T12:28:30","modified_gmt":"2020-09-09T10:28:30","slug":"statement-der-zif-autonomer-frauenhaeuser-zu-den-morden-in-hanau","status":"publish","type":"post","link":"https:\/\/autonome-frauenhaeuser-zif.de\/ls\/statement-der-zif-autonomer-frauenhaeuser-zu-den-morden-in-hanau\/","title":{"rendered":"Statement der ZIF Autonomer Frauenh\u00e4user zu den Morden in Hanau"},"content":{"rendered":"<div class=\"field field-name-field-report-teaser\">\n<p>Der rechtsradikale T\u00e4ter ermordete neun Menschen im \u00f6ffentlichen und anschlie\u00dfend seine Mutter im privaten Raum. Medial wird neben einigen differenzierten und aufdeckenden Berichten doch haupts\u00e4chlich noch die Erz\u00e4hlung fortgeschrieben, dass ein Deutscher, also einer von \u201euns\u201c, Migranten get\u00f6tet hat, also einige von \u201edenen\u201d. Dabei wird das Geschlecht der Get\u00f6teten ignoriert und die Lebensrealit\u00e4t der Mordopfer.<\/p>\n<p>Wir denken in aufrichtiger Anteilnahme ganz besonders an die Opfer und deren Hinterbliebenen. Und unsere Solidarit\u00e4t gilt allen Freund*innen und Mitmenschen, die sich durch solche Taten in Deutschland nicht mehr sicher f\u00fchlen und frei leben k\u00f6nnen.<\/p>\n<p>Wir als Mitarbeiterinnen der Autonomen Frauenh\u00e4user und deren bundesweite Vertretung die Zentrale Informationsstelle Autonomer Frauenh\u00e4user verstehen unseren Auftrag seit jeher auch als Politischen. Neben der Bereitstellung von Schutzr\u00e4umen und der psychosozialen Begleitung von gewaltbetroffenen Frauen und deren Kindern geh\u00f6rt es zu unserem Wirken auf strukturelle Gewalt wie Sexismus, Rassismus und andere Formen aufmerksam zu machen und diese zu bek\u00e4mpfen.<\/p>\n<\/div>\n<div class=\"field field-name-body\">\n<p>Auch im S\u00fcdwesten gibt es zahlreiche uns angeschlossene Frauenh\u00e4user, wie in Heidelberg, Stuttgart, aber auch Frankfurt und Hanau.<br \/>\nDer rechtsradikale T\u00e4ter ermordete neun Menschen im \u00f6ffentlichen und anschlie\u00dfend seine Mutter im privaten Raum. Medial wird neben einigen differenzierten und aufdeckenden Berichten doch haupts\u00e4chlich noch die Erz\u00e4hlung fortgeschrieben, dass ein Deutscher, also einer von \u201euns\u201c, Migranten get\u00f6tet hat, also einige von \u201edenen\u201d. Dabei wird das Geschlecht der Get\u00f6teten ignoriert und die Lebensrealit\u00e4t der Mordopfer.<br \/>\nUnsere Perspektive ist hingegen: Hier hat ein wei\u00dfer Deutscher zehn Hanauer*innen get\u00f6tet, viele von ihnen sind nie migriert, und bei dem Mord an seiner Mutter ist nicht von Fremdenhass auszugehen.<br \/>\nJournalismus kann schiefe Wahrnehmungen und rassistische Stimmungen verst\u00e4rken, indem er Berichten \u00fcber Rechtsextremismus nicht genug Platz einr\u00e4umt, aber beispielsweise arabisch- und t\u00fcrkeist\u00e4mmige M\u00e4nner kriminalisiert oder rei\u00dferisch \u00fcber Clan-Kriminalit\u00e4t und Razzien in Shisha-Bars berichtet. Medien pr\u00e4gen unsere Realit\u00e4t und Journalist*innen sollten sich der Tragweite ihrer Arbeit bewusst sein. Dazu geh\u00f6rt auch, die Verkn\u00fcpfung von Fremdenhass, Rassismus und Frauenfeindlichkeit aufzuzeigen und damit auch Anhaltspunkte der Bek\u00e4mpfung dieser Ideologien zu liefern.<br \/>\nIn dem Pamphlet, das der T\u00e4ter hinterlassen hat, begr\u00fcndet er detailliert seine Vernichtungsfantasien zu Migrant*innengruppen in Deutschland und zur Bev\u00f6lkerung von asiatischen, arabischen und afrikanischen L\u00e4ndern. Dann kommt ein Abschnitt mit der \u00dcberschrift &#8220;Frauen&#8221;.<br \/>\nVergleicht man die Selbsterkl\u00e4rungen und das Verhalten der Urheber solcher Schriften vor ihren Gewaltausbr\u00fcchen, fallen einige Gemeinsamkeiten auf. Eine ist ein Blick auf Frauen, der sich als extreme Anspruchshaltung beschreiben l\u00e4sst.<br \/>\nEin gest\u00f6rtes und von Hass gepr\u00e4gtes Verh\u00e4ltnis zu Frauen zeigen auch andere rechtsextreme Attent\u00e4ter. So wird in diesen Zusammenh\u00e4ngen international der Feminismus als Grund genannt, der zu einer sinkenden Geburtenrate f\u00fchrt und damit zur \u00dcberfremdung der als eigenen angesehenen Gesellschaft.<br \/>\nEs ergibt sich jeweils das Bild eines Mannes, der Frauen als bewertbare Verf\u00fcgungsmasse sieht und sich zugleich sehr abh\u00e4ngig f\u00fchlt von ihrer Anerkennung.<br \/>\nDass Frauen in vielen Gesellschaften heute weniger Kinder bekommen, wird &#8211; nicht zu Unrecht &#8211; dem Einfluss der sexuellen Befreiung der Frau und dem Feminismus zugeschrieben. Sabine Hark, Professorin f\u00fcr Genderwissenschaften an der Technischen Universit\u00e4t Berlin, sagt: &#8220;Die sinkende Geburtenrate unter wei\u00dfen Frauen wird als Bedrohung f\u00fcr die wei\u00dfe Dominanz gesehen\u201c.<br \/>\nSolche Theorien sind besonders beliebt in jenen Online-Foren, die Expert*innen als die \u201eMannosph\u00e4re\u201c &#8211; bezeichnen; dort tauschen sich frustrierte junge M\u00e4nner \u00fcber ihren mangelnden Kontakt zu Frauen aus. So wird der gemeinsame Frust auf die Frau zu einer &#8220;Einfallsschneise&#8221; f\u00fcr rechtsextreme Ideologiekonstrukte.<br \/>\nDie Bek\u00e4mpfung des vermeintlichen Fortpflanzungsr\u00fcckstands westlicher, nicht j\u00fcdischer Wei\u00dfer dient also einerseits als Rechtfertigung f\u00fcr gro\u00df angelegte rassistische und antisemitische Morde, aber eben auch f\u00fcr die Forderung, k\u00f6rperliche und wirtschaftliche Selbstbestimmung von Frauen einzuschr\u00e4nken. &#8220;Verbindend ist die Vorstellung, dass der weibliche K\u00f6rper bestimmten M\u00e4nnern zur Verf\u00fcgung stehen soll&#8221;, sagt Sabine Hark &#8211; ob f\u00fcr ihre pers\u00f6nlichen Bed\u00fcrfnisse oder ihre bev\u00f6lkerungsideologischen Ziele.<br \/>\nBei dem Hanauer T\u00e4ter findet sich nicht nur eine biopolitische Obsession. In seinem Fazit nennt er die Tatsache, sein Leben lang keine Frau gefunden zu haben, als eine der zentralen Belastungen, die ihn nun zum Handeln veranlassten. Allein, dass er &#8220;Frauen&#8221; so ausdr\u00fccklich erw\u00e4hnt, zeigt, welche Bedeutung sie in diesem Zusammenhang f\u00fcr ihn gehabt haben m\u00fcssen.<br \/>\nEs verkn\u00fcpfen sich hier Frauenhass, Rassismus, v\u00f6lkische Ideologie.<br \/>\nDie faschistische Ideologie vereint in sich alles, was die Entwicklung einer freien Gesellschaft im Keim erstickt und hat so auch den Feminismus zum Feind.<br \/>\nZehn Hanauer*innen wurden von einem wei\u00dfen deutschen Rassisten und Frauenfeind get\u00f6tet, die Get\u00f6teten geh\u00f6ren zu uns, sie sind das wir und nicht die Anderen. Und genau als Wir, als Gemeinschaft m\u00fcssen wir im Dialog sein. Wir m\u00fcssen \u00fcber Rassismus reden und ihn benennen, wir m\u00fcssen \u00fcber Sexismus reden und diesen aufdecken.<br \/>\nDenn wenn wir die dahinterliegenden Strukturen anerkennen und gezielt ver\u00e4ndern k\u00f6nnen Ausgrenzung, Unterdr\u00fcckung und solche Morde verhindert werden!<\/p>\n<\/div>\n","protected":false},"excerpt":{"rendered":"<p>Der rechtsradikale T\u00e4ter ermordete neun Menschen im \u00f6ffentlichen und anschlie\u00dfend<span class=\"excerpt-hellip\"> [\u2026]<\/span><\/p>\n","protected":false},"author":7,"featured_media":0,"comment_status":"open","ping_status":"open","sticky":false,"template":"","format":"standard","meta":{"footnotes":""},"categories":[1],"tags":[],"class_list":["post-410","post","type-post","status-publish","format-standard","hentry","category-unkategorisiert"],"_links":{"self":[{"href":"https:\/\/autonome-frauenhaeuser-zif.de\/ls\/wp-json\/wp\/v2\/posts\/410","targetHints":{"allow":["GET"]}}],"collection":[{"href":"https:\/\/autonome-frauenhaeuser-zif.de\/ls\/wp-json\/wp\/v2\/posts"}],"about":[{"href":"https:\/\/autonome-frauenhaeuser-zif.de\/ls\/wp-json\/wp\/v2\/types\/post"}],"author":[{"embeddable":true,"href":"https:\/\/autonome-frauenhaeuser-zif.de\/ls\/wp-json\/wp\/v2\/users\/7"}],"replies":[{"embeddable":true,"href":"https:\/\/autonome-frauenhaeuser-zif.de\/ls\/wp-json\/wp\/v2\/comments?post=410"}],"version-history":[{"count":1,"href":"https:\/\/autonome-frauenhaeuser-zif.de\/ls\/wp-json\/wp\/v2\/posts\/410\/revisions"}],"predecessor-version":[{"id":411,"href":"https:\/\/autonome-frauenhaeuser-zif.de\/ls\/wp-json\/wp\/v2\/posts\/410\/revisions\/411"}],"wp:attachment":[{"href":"https:\/\/autonome-frauenhaeuser-zif.de\/ls\/wp-json\/wp\/v2\/media?parent=410"}],"wp:term":[{"taxonomy":"category","embeddable":true,"href":"https:\/\/autonome-frauenhaeuser-zif.de\/ls\/wp-json\/wp\/v2\/categories?post=410"},{"taxonomy":"post_tag","embeddable":true,"href":"https:\/\/autonome-frauenhaeuser-zif.de\/ls\/wp-json\/wp\/v2\/tags?post=410"}],"curies":[{"name":"wp","href":"https:\/\/api.w.org\/{rel}","templated":true}]}}