{"id":404,"date":"2020-01-07T12:23:00","date_gmt":"2020-01-07T11:23:00","guid":{"rendered":"https:\/\/wb.autonome-frauenhaeuser-zif.de\/?p=404"},"modified":"2024-06-03T12:53:19","modified_gmt":"2024-06-03T10:53:19","slug":"fachtag-zum-thema-kindeswohl-im-fokus-am-31-3-2020-in-stuttgart","status":"publish","type":"post","link":"https:\/\/autonome-frauenhaeuser-zif.de\/ls\/fachtag-zum-thema-kindeswohl-im-fokus-am-31-3-2020-in-stuttgart\/","title":{"rendered":"Fachtag zum Thema &#8220;Kindeswohl im Fokus&#8221; am 31.3.2020 in Stuttgart"},"content":{"rendered":"<p>Perspektiven der Istanbul-Konvention f\u00fcr den Kinderschutz im Sorge- und Umgangsrechtsverfahren im Kontext h\u00e4uslicher Gewalt.<\/p>\n<p>Die S\u00dcD AG (Zusammenschluss von Mitarbeiterinnen aus den M\u00e4dchen*- und Jungen*-Bereichen der s\u00fcddeutschen Autonomen Frauenh\u00e4user) l\u00e4dt herzlich dazu ein, interdisziplin\u00e4r die Perspektiven der Istanbul-Konvention f\u00fcr den Kinderschutz in Sorge- Umgangsrechtsverfahren im Kontext h\u00e4uslicher Gewalt zu beleuchten.<\/p>\n<p>Das Programm sowie Anmeldeformular finden sie unter folgendem Link:<\/p>\n<p><a href=\"\/wp-content\/uploads\/2020\/09\/einladung_und_programm_31.3.2020.pdf\">Einladung und Programm<\/a><\/p>\n","protected":false},"excerpt":{"rendered":"<p>Perspektiven der Istanbul-Konvention f\u00fcr den Kinderschutz im Sorge- und Umgangsrechtsverfahren<span class=\"excerpt-hellip\"> [\u2026]<\/span><\/p>\n","protected":false},"author":7,"featured_media":0,"comment_status":"open","ping_status":"open","sticky":false,"template":"","format":"standard","meta":{"footnotes":""},"categories":[1],"tags":[],"class_list":["post-404","post","type-post","status-publish","format-standard","hentry","category-unkategorisiert"],"_links":{"self":[{"href":"https:\/\/autonome-frauenhaeuser-zif.de\/ls\/wp-json\/wp\/v2\/posts\/404","targetHints":{"allow":["GET"]}}],"collection":[{"href":"https:\/\/autonome-frauenhaeuser-zif.de\/ls\/wp-json\/wp\/v2\/posts"}],"about":[{"href":"https:\/\/autonome-frauenhaeuser-zif.de\/ls\/wp-json\/wp\/v2\/types\/post"}],"author":[{"embeddable":true,"href":"https:\/\/autonome-frauenhaeuser-zif.de\/ls\/wp-json\/wp\/v2\/users\/7"}],"replies":[{"embeddable":true,"href":"https:\/\/autonome-frauenhaeuser-zif.de\/ls\/wp-json\/wp\/v2\/comments?post=404"}],"version-history":[{"count":5,"href":"https:\/\/autonome-frauenhaeuser-zif.de\/ls\/wp-json\/wp\/v2\/posts\/404\/revisions"}],"predecessor-version":[{"id":2142,"href":"https:\/\/autonome-frauenhaeuser-zif.de\/ls\/wp-json\/wp\/v2\/posts\/404\/revisions\/2142"}],"wp:attachment":[{"href":"https:\/\/autonome-frauenhaeuser-zif.de\/ls\/wp-json\/wp\/v2\/media?parent=404"}],"wp:term":[{"taxonomy":"category","embeddable":true,"href":"https:\/\/autonome-frauenhaeuser-zif.de\/ls\/wp-json\/wp\/v2\/categories?post=404"},{"taxonomy":"post_tag","embeddable":true,"href":"https:\/\/autonome-frauenhaeuser-zif.de\/ls\/wp-json\/wp\/v2\/tags?post=404"}],"curies":[{"name":"wp","href":"https:\/\/api.w.org\/{rel}","templated":true}]}}